{"id":10144,"date":"2025-12-16T15:12:12","date_gmt":"2025-12-16T14:12:12","guid":{"rendered":"\/?p=10144"},"modified":"2025-12-16T15:12:13","modified_gmt":"2025-12-16T14:12:13","slug":"apertura-de-sobres-de-la-licitacion-por-el-buffet-de-la-pileta-municipal","status":"publish","type":"post","link":"\/?p=10144","title":{"rendered":"Apertura de sobres de la licitaci\u00f3n por el buffet de la pileta municipal"},"content":{"rendered":"\n<p>El mi\u00e9rcoles 15 de diciembre a las 10:00 hs en el primer piso de la municipalidad se realizar\u00e1 la apertura de sobres de quienes participaron de la licitaci\u00f3n para el buffet de la pileta municipal.<\/p>\n","protected":false},"excerpt":{"rendered":"<p>El mi\u00e9rcoles 15 de diciembre a las 10:00 hs en el primer piso de la municipalidad se realizar\u00e1 la apertura de sobres de quienes participaron de la licitaci\u00f3n para el buffet de la pileta municipal.<\/p>\n","protected":false},"author":5,"featured_media":10145,"comment_status":"closed","ping_status":"open","sticky":false,"template":"","format":"standard","meta":{"footnotes":""},"categories":[4],"tags":[],"class_list":["post-10144","post","type-post","status-publish","format-standard","has-post-thumbnail","hentry","category-prensa"],"yoast_head":"<!-- This site is optimized with the Yoast SEO plugin v27.0 - https:\/\/yoast.com\/product\/yoast-seo-wordpress\/ -->\n<title>Apertura de sobres de la licitaci\u00f3n por el buffet de la pileta municipal - Municipalidad de General Alvear<\/title>\n<meta name=\"robots\" content=\"index, follow, max-snippet:-1, max-image-preview:large, max-video-preview:-1\" \/>\n<link rel=\"canonical\" href=\"\/?p=10144\" \/>\n<meta property=\"og:locale\" content=\"es_ES\" \/>\n<meta property=\"og:type\" content=\"article\" \/>\n<meta property=\"og:title\" content=\"Apertura de sobres de la licitaci\u00f3n por el buffet de la pileta municipal - Municipalidad de General Alvear\" \/>\n<meta property=\"og:description\" content=\"El mi\u00e9rcoles 15 de diciembre a las 10:00 hs en el primer piso de la municipalidad se realizar\u00e1 la apertura de sobres de quienes participaron de la licitaci\u00f3n para el buffet de la pileta municipal.\" \/>\n<meta property=\"og:url\" content=\"\/?p=10144\" \/>\n<meta property=\"og:site_name\" content=\"Municipalidad de General Alvear\" \/>\n<meta property=\"article:published_time\" content=\"2025-12-16T14:12:12+00:00\" \/>\n<meta property=\"article:modified_time\" content=\"2025-12-16T14:12:13+00:00\" \/>\n<meta property=\"og:image\" content=\"\/wp-content\/uploads\/2025\/12\/Big-Text-Page.jpg\" \/>\n\t<meta property=\"og:image:width\" content=\"1080\" \/>\n\t<meta property=\"og:image:height\" content=\"1350\" \/>\n\t<meta property=\"og:image:type\" content=\"image\/jpeg\" \/>\n<meta name=\"author\" content=\"Emilia Orella\" \/>\n<meta name=\"twitter:card\" content=\"summary_large_image\" \/>\n<meta name=\"twitter:label1\" content=\"Escrito por\" \/>\n\t<meta name=\"twitter:data1\" content=\"Emilia Orella\" \/>\n\t<meta name=\"twitter:label2\" content=\"Tiempo de lectura\" \/>\n\t<meta name=\"twitter:data2\" content=\"1 minuto\" \/>\n<script type=\"application\/ld+json\" class=\"yoast-schema-graph\">{\"@context\":\"https:\/\/schema.org\",\"@graph\":[{\"@type\":\"Article\",\"@id\":\"\/?p=10144#article\",\"isPartOf\":{\"@id\":\"\/?p=10144\"},\"author\":{\"name\":\"Emilia Orella\",\"@id\":\"\/#\/schema\/person\/580cd121f360c6d4021c201ff80daa07\"},\"headline\":\"Apertura de sobres de la licitaci\u00f3n por el buffet de la pileta municipal\",\"datePublished\":\"2025-12-16T14:12:12+00:00\",\"dateModified\":\"2025-12-16T14:12:13+00:00\",\"mainEntityOfPage\":{\"@id\":\"\/?p=10144\"},\"wordCount\":49,\"publisher\":{\"@id\":\"\/#organization\"},\"image\":{\"@id\":\"\/?p=10144#primaryimage\"},\"thumbnailUrl\":\"\/wp-content\/uploads\/2025\/12\/Big-Text-Page.jpg\",\"articleSection\":[\"Prensa\"],\"inLanguage\":\"es\"},{\"@type\":\"WebPage\",\"@id\":\"\/?p=10144\",\"url\":\"\/?p=10144\",\"name\":\"Apertura de sobres de la licitaci\u00f3n por el buffet de la pileta municipal - Municipalidad de General Alvear\",\"isPartOf\":{\"@id\":\"\/#website\"},\"primaryImageOfPage\":{\"@id\":\"\/?p=10144#primaryimage\"},\"image\":{\"@id\":\"\/?p=10144#primaryimage\"},\"thumbnailUrl\":\"\/wp-content\/uploads\/2025\/12\/Big-Text-Page.jpg\",\"datePublished\":\"2025-12-16T14:12:12+00:00\",\"dateModified\":\"2025-12-16T14:12:13+00:00\",\"breadcrumb\":{\"@id\":\"\/?p=10144#breadcrumb\"},\"inLanguage\":\"es\",\"potentialAction\":[{\"@type\":\"ReadAction\",\"target\":[\"\/?p=10144\"]}]},{\"@type\":\"ImageObject\",\"inLanguage\":\"es\",\"@id\":\"\/?p=10144#primaryimage\",\"url\":\"\/wp-content\/uploads\/2025\/12\/Big-Text-Page.jpg\",\"contentUrl\":\"\/wp-content\/uploads\/2025\/12\/Big-Text-Page.jpg\",\"width\":1080,\"height\":1350},{\"@type\":\"BreadcrumbList\",\"@id\":\"\/?p=10144#breadcrumb\",\"itemListElement\":[{\"@type\":\"ListItem\",\"position\":1,\"name\":\"Portada\",\"item\":\"\/\"},{\"@type\":\"ListItem\",\"position\":2,\"name\":\"Apertura de sobres de la licitaci\u00f3n por el buffet de la pileta municipal\"}]},{\"@type\":\"WebSite\",\"@id\":\"\/#website\",\"url\":\"\/\",\"name\":\"Municipalidad de General Alvear\",\"description\":\"\",\"publisher\":{\"@id\":\"\/#organization\"},\"potentialAction\":[{\"@type\":\"SearchAction\",\"target\":{\"@type\":\"EntryPoint\",\"urlTemplate\":\"\/?s={search_term_string}\"},\"query-input\":{\"@type\":\"PropertyValueSpecification\",\"valueRequired\":true,\"valueName\":\"search_term_string\"}}],\"inLanguage\":\"es\"},{\"@type\":\"Organization\",\"@id\":\"\/#organization\",\"name\":\"Municipalidad de General Alvear\",\"url\":\"\/\",\"logo\":{\"@type\":\"ImageObject\",\"inLanguage\":\"es\",\"@id\":\"\/#\/schema\/logo\/image\/\",\"url\":\"\/wp-content\/uploads\/2023\/09\/cropped-logo-muni.png\",\"contentUrl\":\"\/wp-content\/uploads\/2023\/09\/cropped-logo-muni.png\",\"width\":776,\"height\":725,\"caption\":\"Municipalidad de General Alvear\"},\"image\":{\"@id\":\"\/#\/schema\/logo\/image\/\"}},{\"@type\":\"Person\",\"@id\":\"\/#\/schema\/person\/580cd121f360c6d4021c201ff80daa07\",\"name\":\"Emilia Orella\",\"image\":{\"@type\":\"ImageObject\",\"inLanguage\":\"es\",\"@id\":\"\/#\/schema\/person\/image\/\",\"url\":\"https:\/\/secure.gravatar.com\/avatar\/01e7baae1db6a112299e0c6a1610c0a562f9398ccb4dac1d7e46f704fd9c57c9?s=96&d=mm&r=g\",\"contentUrl\":\"https:\/\/secure.gravatar.com\/avatar\/01e7baae1db6a112299e0c6a1610c0a562f9398ccb4dac1d7e46f704fd9c57c9?s=96&d=mm&r=g\",\"caption\":\"Emilia Orella\"},\"url\":\"\/?author=5\"}]}<\/script>\n<!-- \/ Yoast SEO plugin. -->","yoast_head_json":{"title":"Apertura de sobres de la licitaci\u00f3n por el buffet de la pileta municipal - Municipalidad de General Alvear","robots":{"index":"index","follow":"follow","max-snippet":"max-snippet:-1","max-image-preview":"max-image-preview:large","max-video-preview":"max-video-preview:-1"},"canonical":"\/?p=10144","og_locale":"es_ES","og_type":"article","og_title":"Apertura de sobres de la licitaci\u00f3n por el buffet de la pileta municipal - Municipalidad de General Alvear","og_description":"El mi\u00e9rcoles 15 de diciembre a las 10:00 hs en el primer piso de la municipalidad se realizar\u00e1 la apertura de sobres de quienes participaron de la licitaci\u00f3n para el buffet de la pileta municipal.","og_url":"\/?p=10144","og_site_name":"Municipalidad de General Alvear","article_published_time":"2025-12-16T14:12:12+00:00","article_modified_time":"2025-12-16T14:12:13+00:00","og_image":[{"width":1080,"height":1350,"url":"\/wp-content\/uploads\/2025\/12\/Big-Text-Page.jpg","type":"image\/jpeg"}],"author":"Emilia Orella","twitter_card":"summary_large_image","twitter_misc":{"Escrito por":"Emilia Orella","Tiempo de lectura":"1 minuto"},"schema":{"@context":"https:\/\/schema.org","@graph":[{"@type":"Article","@id":"\/?p=10144#article","isPartOf":{"@id":"\/?p=10144"},"author":{"name":"Emilia Orella","@id":"\/#\/schema\/person\/580cd121f360c6d4021c201ff80daa07"},"headline":"Apertura de sobres de la licitaci\u00f3n por el buffet de la pileta municipal","datePublished":"2025-12-16T14:12:12+00:00","dateModified":"2025-12-16T14:12:13+00:00","mainEntityOfPage":{"@id":"\/?p=10144"},"wordCount":49,"publisher":{"@id":"\/#organization"},"image":{"@id":"\/?p=10144#primaryimage"},"thumbnailUrl":"\/wp-content\/uploads\/2025\/12\/Big-Text-Page.jpg","articleSection":["Prensa"],"inLanguage":"es"},{"@type":"WebPage","@id":"\/?p=10144","url":"\/?p=10144","name":"Apertura de sobres de la licitaci\u00f3n por el buffet de la pileta municipal - Municipalidad de General Alvear","isPartOf":{"@id":"\/#website"},"primaryImageOfPage":{"@id":"\/?p=10144#primaryimage"},"image":{"@id":"\/?p=10144#primaryimage"},"thumbnailUrl":"\/wp-content\/uploads\/2025\/12\/Big-Text-Page.jpg","datePublished":"2025-12-16T14:12:12+00:00","dateModified":"2025-12-16T14:12:13+00:00","breadcrumb":{"@id":"\/?p=10144#breadcrumb"},"inLanguage":"es","potentialAction":[{"@type":"ReadAction","target":["\/?p=10144"]}]},{"@type":"ImageObject","inLanguage":"es","@id":"\/?p=10144#primaryimage","url":"\/wp-content\/uploads\/2025\/12\/Big-Text-Page.jpg","contentUrl":"\/wp-content\/uploads\/2025\/12\/Big-Text-Page.jpg","width":1080,"height":1350},{"@type":"BreadcrumbList","@id":"\/?p=10144#breadcrumb","itemListElement":[{"@type":"ListItem","position":1,"name":"Portada","item":"\/"},{"@type":"ListItem","position":2,"name":"Apertura de sobres de la licitaci\u00f3n por el buffet de la pileta municipal"}]},{"@type":"WebSite","@id":"\/#website","url":"\/","name":"Municipalidad de General Alvear","description":"","publisher":{"@id":"\/#organization"},"potentialAction":[{"@type":"SearchAction","target":{"@type":"EntryPoint","urlTemplate":"\/?s={search_term_string}"},"query-input":{"@type":"PropertyValueSpecification","valueRequired":true,"valueName":"search_term_string"}}],"inLanguage":"es"},{"@type":"Organization","@id":"\/#organization","name":"Municipalidad de General Alvear","url":"\/","logo":{"@type":"ImageObject","inLanguage":"es","@id":"\/#\/schema\/logo\/image\/","url":"\/wp-content\/uploads\/2023\/09\/cropped-logo-muni.png","contentUrl":"\/wp-content\/uploads\/2023\/09\/cropped-logo-muni.png","width":776,"height":725,"caption":"Municipalidad de General Alvear"},"image":{"@id":"\/#\/schema\/logo\/image\/"}},{"@type":"Person","@id":"\/#\/schema\/person\/580cd121f360c6d4021c201ff80daa07","name":"Emilia Orella","image":{"@type":"ImageObject","inLanguage":"es","@id":"\/#\/schema\/person\/image\/","url":"https:\/\/secure.gravatar.com\/avatar\/01e7baae1db6a112299e0c6a1610c0a562f9398ccb4dac1d7e46f704fd9c57c9?s=96&d=mm&r=g","contentUrl":"https:\/\/secure.gravatar.com\/avatar\/01e7baae1db6a112299e0c6a1610c0a562f9398ccb4dac1d7e46f704fd9c57c9?s=96&d=mm&r=g","caption":"Emilia Orella"},"url":"\/?author=5"}]}},"_links":{"self":[{"href":"\/index.php?rest_route=\/wp\/v2\/posts\/10144","targetHints":{"allow":["GET"]}}],"collection":[{"href":"\/index.php?rest_route=\/wp\/v2\/posts"}],"about":[{"href":"\/index.php?rest_route=\/wp\/v2\/types\/post"}],"author":[{"embeddable":true,"href":"\/index.php?rest_route=\/wp\/v2\/users\/5"}],"replies":[{"embeddable":true,"href":"\/index.php?rest_route=%2Fwp%2Fv2%2Fcomments&post=10144"}],"version-history":[{"count":1,"href":"\/index.php?rest_route=\/wp\/v2\/posts\/10144\/revisions"}],"predecessor-version":[{"id":10146,"href":"\/index.php?rest_route=\/wp\/v2\/posts\/10144\/revisions\/10146"}],"wp:featuredmedia":[{"embeddable":true,"href":"\/index.php?rest_route=\/wp\/v2\/media\/10145"}],"wp:attachment":[{"href":"\/index.php?rest_route=%2Fwp%2Fv2%2Fmedia&parent=10144"}],"wp:term":[{"taxonomy":"category","embeddable":true,"href":"\/index.php?rest_route=%2Fwp%2Fv2%2Fcategories&post=10144"},{"taxonomy":"post_tag","embeddable":true,"href":"\/index.php?rest_route=%2Fwp%2Fv2%2Ftags&post=10144"}],"curies":[{"name":"wp","href":"https:\/\/api.w.org\/{rel}","templated":true}]}}